{"id":4908,"date":"2009-01-03T00:00:26","date_gmt":"2009-01-02T22:00:26","guid":{"rendered":"https:\/\/www.urbanscreen.com\/tag-nacht\/"},"modified":"2023-10-11T15:57:29","modified_gmt":"2023-10-11T13:57:29","slug":"tag-nacht","status":"publish","type":"post","link":"https:\/\/www.urbanscreen.com\/de\/tag-nacht\/","title":{"rendered":"TAG | NACHT"},"content":{"rendered":"<div class=\"article-video\">\n<div class=\"responsive-video\">\n<iframe src=\"https:\/\/player.vimeo.com\/video\/4843280?title=0&#038;byline=0&#038;portrait=0&#038;autoplay=0\" width=\"1600\" height=\"900\" frameborder=\"0\" allowfullscreen=\"allowfullscreen\"><\/iframe>\n<\/div>\n<\/div>\n<p class=\"clear\">\n<p>TAG UND NACHT war eine Architekturprojektion auf das Sch\u00fcrstabhaus in der N\u00fcrnberger Altstadt. Sie wurde im Mai 2009 im Rahmen der \u201eBlauen Nacht\u201c aufgef\u00fchrt.<\/p>\n<p>TAG UND NACHT wurde von dem Astronomen Nikolaus Kopernikus inspiriert, der im 15. Jahrhundert sein Hauptwerk in N\u00fcrnberg ver\u00f6ffentlichte. In Anlehnung an das von Kopernikus entdeckte heliozentrische Sonnensystem zeigte unsere Projektion Sonne und Mond bei ihren Ann\u00e4herungsversuchen, die schlussendlich in deren Vereinigung resultieren.<\/p>\n<p>Art Direction: Till Botterweck, Nagehan Kurali<br \/>\nCompositing: Nagehan Kurali<br \/>\nProduktionsassistenz: Jonas Wiese<br \/>\n3D-Operation: <a href=\"http:\/\/www.shineundsein.de\/\" target=\"_blank\" rel=\"noopener noreferrer\">David Starmann<\/a><br \/>\nDarstellerInnen: Mimi Jeong, Constantin Georgescu<\/p>\n<p>\u00a0<\/p>\n<p><img decoding=\"async\" width=\"830\" height=\"466\" class=\"alignnone size-large wp-image-1533\" alt=\"OUT_WORKS_TagNacht_01\" src=\"https:\/\/www.urbanscreen.com\/wp-content\/uploads\/2009\/01\/OUT_WORKS_TagNacht_01-830x466.jpg\" srcset=\"https:\/\/www.urbanscreen.com\/wp-content\/uploads\/2009\/01\/OUT_WORKS_TagNacht_01-830x466.jpg 830w, https:\/\/www.urbanscreen.com\/wp-content\/uploads\/2009\/01\/OUT_WORKS_TagNacht_01-490x275.jpg 490w, https:\/\/www.urbanscreen.com\/wp-content\/uploads\/2009\/01\/OUT_WORKS_TagNacht_01-120x67.jpg 120w, https:\/\/www.urbanscreen.com\/wp-content\/uploads\/2009\/01\/OUT_WORKS_TagNacht_01.jpg 1920w\" sizes=\"(max-width: 830px) 100vw, 830px\" \/><\/p>\n<p><img decoding=\"async\" width=\"830\" height=\"466\" class=\"alignnone size-large wp-image-1534\" alt=\"OUT_WORKS_TagNacht_02\" src=\"https:\/\/www.urbanscreen.com\/wp-content\/uploads\/2009\/01\/OUT_WORKS_TagNacht_02-830x466.jpg\" srcset=\"https:\/\/www.urbanscreen.com\/wp-content\/uploads\/2009\/01\/OUT_WORKS_TagNacht_02-830x466.jpg 830w, https:\/\/www.urbanscreen.com\/wp-content\/uploads\/2009\/01\/OUT_WORKS_TagNacht_02-490x275.jpg 490w, https:\/\/www.urbanscreen.com\/wp-content\/uploads\/2009\/01\/OUT_WORKS_TagNacht_02-120x67.jpg 120w, https:\/\/www.urbanscreen.com\/wp-content\/uploads\/2009\/01\/OUT_WORKS_TagNacht_02.jpg 1920w\" sizes=\"(max-width: 830px) 100vw, 830px\" \/><\/p>\n<p><img decoding=\"async\" width=\"830\" height=\"466\" class=\"alignnone size-large wp-image-1535\" alt=\"OUT_WORKS_TagUndNacht_01\" src=\"https:\/\/www.urbanscreen.com\/wp-content\/uploads\/2009\/01\/OUT_WORKS_TagUndNacht_01-830x466.jpg\" srcset=\"https:\/\/www.urbanscreen.com\/wp-content\/uploads\/2009\/01\/OUT_WORKS_TagUndNacht_01-830x466.jpg 830w, https:\/\/www.urbanscreen.com\/wp-content\/uploads\/2009\/01\/OUT_WORKS_TagUndNacht_01-490x275.jpg 490w, https:\/\/www.urbanscreen.com\/wp-content\/uploads\/2009\/01\/OUT_WORKS_TagUndNacht_01-120x67.jpg 120w, https:\/\/www.urbanscreen.com\/wp-content\/uploads\/2009\/01\/OUT_WORKS_TagUndNacht_01.jpg 1920w\" sizes=\"(max-width: 830px) 100vw, 830px\" \/><\/p>\n","protected":false},"excerpt":{"rendered":"<p>TAG UND NACHT war eine Architekturprojektion auf das Sch\u00fcrstabhaus in der N\u00fcrnberger Altstadt. Sie wurde im Mai 2009 im Rahmen der \u201eBlauen Nacht\u201c aufgef\u00fchrt. TAG UND NACHT wurde von dem Astronomen Nikolaus Kopernikus inspiriert, der im 15. Jahrhundert sein Hauptwerk in N\u00fcrnberg ver\u00f6ffentlichte. In Anlehnung an das von Kopernikus entdeckte heliozentrische Sonnensystem zeigte unsere Projektion [&hellip;]<\/p>\n","protected":false},"author":2,"featured_media":4468,"comment_status":"closed","ping_status":"open","sticky":false,"template":"","format":"standard","meta":{"_acf_changed":false,"_et_pb_use_builder":"","_et_pb_old_content":"","_et_gb_content_width":"","footnotes":""},"categories":[306,302],"tags":[374,311,317,375],"class_list":["post-4908","post","type-post","status-publish","format-standard","has-post-thumbnail","hentry","category-all-projects-de","category-art-production-de","tag-enschede-de","tag-festival-de","tag-projection-mapping-de","tag-theater-de"],"acf":[],"yoast_head":"<!-- This site is optimized with the Yoast SEO plugin v27.4 - https:\/\/yoast.com\/product\/yoast-seo-wordpress\/ -->\n<title>TAG | NACHT \/ N\u00fcrnberg<\/title>\n<meta name=\"description\" content=\"Fassadenprojektion | N\u00fcrnberg, Deutschland, 2009. Eine k\u00fcnstlerische Inszenierung des historischen Sch\u00fcrstabhauses wurde im Mai 2009 im Rahmen der Blauen Nacht aufgef\u00fchrt.\" \/>\n<meta name=\"robots\" content=\"index, follow, max-snippet:-1, max-image-preview:large, max-video-preview:-1\" \/>\n<link rel=\"canonical\" href=\"https:\/\/www.urbanscreen.com\/de\/tag-nacht\/\" \/>\n<meta property=\"og:locale\" content=\"de_DE\" \/>\n<meta property=\"og:type\" content=\"article\" \/>\n<meta property=\"og:title\" content=\"TAG | NACHT \/ N\u00fcrnberg\" \/>\n<meta property=\"og:description\" content=\"Fassadenprojektion | N\u00fcrnberg, Deutschland, 2009. Eine k\u00fcnstlerische Inszenierung des historischen Sch\u00fcrstabhauses wurde im Mai 2009 im Rahmen der Blauen Nacht aufgef\u00fchrt.\" \/>\n<meta property=\"og:url\" content=\"https:\/\/www.urbanscreen.com\/de\/tag-nacht\/\" \/>\n<meta property=\"og:site_name\" content=\"URBANSCREEN\" \/>\n<meta property=\"article:published_time\" content=\"2009-01-02T22:00:26+00:00\" \/>\n<meta property=\"article:modified_time\" content=\"2023-10-11T13:57:29+00:00\" \/>\n<meta property=\"og:image\" content=\"https:\/\/www.urbanscreen.com\/wp-content\/uploads\/2009\/01\/OUT_tag-und-nacht.jpg\" \/>\n\t<meta property=\"og:image:width\" content=\"600\" \/>\n\t<meta property=\"og:image:height\" content=\"600\" \/>\n\t<meta property=\"og:image:type\" content=\"image\/jpeg\" \/>\n<meta name=\"author\" content=\"Urbanscreen User\" \/>\n<meta name=\"twitter:label1\" content=\"Verfasst von\" \/>\n\t<meta name=\"twitter:data1\" content=\"Urbanscreen User\" \/>\n<script type=\"application\/ld+json\" class=\"yoast-schema-graph\">{\"@context\":\"https:\\\/\\\/schema.org\",\"@graph\":[{\"@type\":\"Article\",\"@id\":\"https:\\\/\\\/www.urbanscreen.com\\\/de\\\/tag-nacht\\\/#article\",\"isPartOf\":{\"@id\":\"https:\\\/\\\/www.urbanscreen.com\\\/de\\\/tag-nacht\\\/\"},\"author\":{\"name\":\"Urbanscreen User\",\"@id\":\"https:\\\/\\\/www.urbanscreen.com\\\/de\\\/#\\\/schema\\\/person\\\/81371c2d1883c959cad01547d60c64a8\"},\"headline\":\"TAG | NACHT\",\"datePublished\":\"2009-01-02T22:00:26+00:00\",\"dateModified\":\"2023-10-11T13:57:29+00:00\",\"mainEntityOfPage\":{\"@id\":\"https:\\\/\\\/www.urbanscreen.com\\\/de\\\/tag-nacht\\\/\"},\"wordCount\":93,\"image\":{\"@id\":\"https:\\\/\\\/www.urbanscreen.com\\\/de\\\/tag-nacht\\\/#primaryimage\"},\"thumbnailUrl\":\"https:\\\/\\\/www.urbanscreen.com\\\/wp-content\\\/uploads\\\/2009\\\/01\\\/OUT_tag-und-nacht.jpg\",\"keywords\":[\"Enschede\",\"Festival\",\"projection mapping\",\"theater\"],\"articleSection\":[\"all projects\",\"Art Production\"],\"inLanguage\":\"de\"},{\"@type\":\"WebPage\",\"@id\":\"https:\\\/\\\/www.urbanscreen.com\\\/de\\\/tag-nacht\\\/\",\"url\":\"https:\\\/\\\/www.urbanscreen.com\\\/de\\\/tag-nacht\\\/\",\"name\":\"TAG | NACHT \\\/ N\u00fcrnberg\",\"isPartOf\":{\"@id\":\"https:\\\/\\\/www.urbanscreen.com\\\/de\\\/#website\"},\"primaryImageOfPage\":{\"@id\":\"https:\\\/\\\/www.urbanscreen.com\\\/de\\\/tag-nacht\\\/#primaryimage\"},\"image\":{\"@id\":\"https:\\\/\\\/www.urbanscreen.com\\\/de\\\/tag-nacht\\\/#primaryimage\"},\"thumbnailUrl\":\"https:\\\/\\\/www.urbanscreen.com\\\/wp-content\\\/uploads\\\/2009\\\/01\\\/OUT_tag-und-nacht.jpg\",\"datePublished\":\"2009-01-02T22:00:26+00:00\",\"dateModified\":\"2023-10-11T13:57:29+00:00\",\"author\":{\"@id\":\"https:\\\/\\\/www.urbanscreen.com\\\/de\\\/#\\\/schema\\\/person\\\/81371c2d1883c959cad01547d60c64a8\"},\"description\":\"Fassadenprojektion | N\u00fcrnberg, Deutschland, 2009. Eine k\u00fcnstlerische Inszenierung des historischen Sch\u00fcrstabhauses wurde im Mai 2009 im Rahmen der Blauen Nacht aufgef\u00fchrt.\",\"breadcrumb\":{\"@id\":\"https:\\\/\\\/www.urbanscreen.com\\\/de\\\/tag-nacht\\\/#breadcrumb\"},\"inLanguage\":\"de\",\"potentialAction\":[{\"@type\":\"ReadAction\",\"target\":[\"https:\\\/\\\/www.urbanscreen.com\\\/de\\\/tag-nacht\\\/\"]}]},{\"@type\":\"ImageObject\",\"inLanguage\":\"de\",\"@id\":\"https:\\\/\\\/www.urbanscreen.com\\\/de\\\/tag-nacht\\\/#primaryimage\",\"url\":\"https:\\\/\\\/www.urbanscreen.com\\\/wp-content\\\/uploads\\\/2009\\\/01\\\/OUT_tag-und-nacht.jpg\",\"contentUrl\":\"https:\\\/\\\/www.urbanscreen.com\\\/wp-content\\\/uploads\\\/2009\\\/01\\\/OUT_tag-und-nacht.jpg\",\"width\":600,\"height\":600},{\"@type\":\"BreadcrumbList\",\"@id\":\"https:\\\/\\\/www.urbanscreen.com\\\/de\\\/tag-nacht\\\/#breadcrumb\",\"itemListElement\":[{\"@type\":\"ListItem\",\"position\":1,\"name\":\"Home\",\"item\":\"https:\\\/\\\/www.urbanscreen.com\\\/de\\\/\"},{\"@type\":\"ListItem\",\"position\":2,\"name\":\"TAG | NACHT\"}]},{\"@type\":\"WebSite\",\"@id\":\"https:\\\/\\\/www.urbanscreen.com\\\/de\\\/#website\",\"url\":\"https:\\\/\\\/www.urbanscreen.com\\\/de\\\/\",\"name\":\"URBANSCREEN\",\"description\":\"Inventing Augmented Experiences\",\"potentialAction\":[{\"@type\":\"SearchAction\",\"target\":{\"@type\":\"EntryPoint\",\"urlTemplate\":\"https:\\\/\\\/www.urbanscreen.com\\\/de\\\/?s={search_term_string}\"},\"query-input\":{\"@type\":\"PropertyValueSpecification\",\"valueRequired\":true,\"valueName\":\"search_term_string\"}}],\"inLanguage\":\"de\"},{\"@type\":\"Person\",\"@id\":\"https:\\\/\\\/www.urbanscreen.com\\\/de\\\/#\\\/schema\\\/person\\\/81371c2d1883c959cad01547d60c64a8\",\"name\":\"Urbanscreen User\",\"sameAs\":[\"https:\\\/\\\/www.urbanscreen.com\"]}]}<\/script>\n<!-- \/ Yoast SEO plugin. -->","yoast_head_json":{"title":"TAG | NACHT \/ N\u00fcrnberg","description":"Fassadenprojektion | N\u00fcrnberg, Deutschland, 2009. Eine k\u00fcnstlerische Inszenierung des historischen Sch\u00fcrstabhauses wurde im Mai 2009 im Rahmen der Blauen Nacht aufgef\u00fchrt.","robots":{"index":"index","follow":"follow","max-snippet":"max-snippet:-1","max-image-preview":"max-image-preview:large","max-video-preview":"max-video-preview:-1"},"canonical":"https:\/\/www.urbanscreen.com\/de\/tag-nacht\/","og_locale":"de_DE","og_type":"article","og_title":"TAG | NACHT \/ N\u00fcrnberg","og_description":"Fassadenprojektion | N\u00fcrnberg, Deutschland, 2009. Eine k\u00fcnstlerische Inszenierung des historischen Sch\u00fcrstabhauses wurde im Mai 2009 im Rahmen der Blauen Nacht aufgef\u00fchrt.","og_url":"https:\/\/www.urbanscreen.com\/de\/tag-nacht\/","og_site_name":"URBANSCREEN","article_published_time":"2009-01-02T22:00:26+00:00","article_modified_time":"2023-10-11T13:57:29+00:00","og_image":[{"width":600,"height":600,"url":"https:\/\/www.urbanscreen.com\/wp-content\/uploads\/2009\/01\/OUT_tag-und-nacht.jpg","type":"image\/jpeg"}],"author":"Urbanscreen User","twitter_misc":{"Verfasst von":"Urbanscreen User"},"schema":{"@context":"https:\/\/schema.org","@graph":[{"@type":"Article","@id":"https:\/\/www.urbanscreen.com\/de\/tag-nacht\/#article","isPartOf":{"@id":"https:\/\/www.urbanscreen.com\/de\/tag-nacht\/"},"author":{"name":"Urbanscreen User","@id":"https:\/\/www.urbanscreen.com\/de\/#\/schema\/person\/81371c2d1883c959cad01547d60c64a8"},"headline":"TAG | NACHT","datePublished":"2009-01-02T22:00:26+00:00","dateModified":"2023-10-11T13:57:29+00:00","mainEntityOfPage":{"@id":"https:\/\/www.urbanscreen.com\/de\/tag-nacht\/"},"wordCount":93,"image":{"@id":"https:\/\/www.urbanscreen.com\/de\/tag-nacht\/#primaryimage"},"thumbnailUrl":"https:\/\/www.urbanscreen.com\/wp-content\/uploads\/2009\/01\/OUT_tag-und-nacht.jpg","keywords":["Enschede","Festival","projection mapping","theater"],"articleSection":["all projects","Art Production"],"inLanguage":"de"},{"@type":"WebPage","@id":"https:\/\/www.urbanscreen.com\/de\/tag-nacht\/","url":"https:\/\/www.urbanscreen.com\/de\/tag-nacht\/","name":"TAG | NACHT \/ N\u00fcrnberg","isPartOf":{"@id":"https:\/\/www.urbanscreen.com\/de\/#website"},"primaryImageOfPage":{"@id":"https:\/\/www.urbanscreen.com\/de\/tag-nacht\/#primaryimage"},"image":{"@id":"https:\/\/www.urbanscreen.com\/de\/tag-nacht\/#primaryimage"},"thumbnailUrl":"https:\/\/www.urbanscreen.com\/wp-content\/uploads\/2009\/01\/OUT_tag-und-nacht.jpg","datePublished":"2009-01-02T22:00:26+00:00","dateModified":"2023-10-11T13:57:29+00:00","author":{"@id":"https:\/\/www.urbanscreen.com\/de\/#\/schema\/person\/81371c2d1883c959cad01547d60c64a8"},"description":"Fassadenprojektion | N\u00fcrnberg, Deutschland, 2009. Eine k\u00fcnstlerische Inszenierung des historischen Sch\u00fcrstabhauses wurde im Mai 2009 im Rahmen der Blauen Nacht aufgef\u00fchrt.","breadcrumb":{"@id":"https:\/\/www.urbanscreen.com\/de\/tag-nacht\/#breadcrumb"},"inLanguage":"de","potentialAction":[{"@type":"ReadAction","target":["https:\/\/www.urbanscreen.com\/de\/tag-nacht\/"]}]},{"@type":"ImageObject","inLanguage":"de","@id":"https:\/\/www.urbanscreen.com\/de\/tag-nacht\/#primaryimage","url":"https:\/\/www.urbanscreen.com\/wp-content\/uploads\/2009\/01\/OUT_tag-und-nacht.jpg","contentUrl":"https:\/\/www.urbanscreen.com\/wp-content\/uploads\/2009\/01\/OUT_tag-und-nacht.jpg","width":600,"height":600},{"@type":"BreadcrumbList","@id":"https:\/\/www.urbanscreen.com\/de\/tag-nacht\/#breadcrumb","itemListElement":[{"@type":"ListItem","position":1,"name":"Home","item":"https:\/\/www.urbanscreen.com\/de\/"},{"@type":"ListItem","position":2,"name":"TAG | NACHT"}]},{"@type":"WebSite","@id":"https:\/\/www.urbanscreen.com\/de\/#website","url":"https:\/\/www.urbanscreen.com\/de\/","name":"URBANSCREEN","description":"Inventing Augmented Experiences","potentialAction":[{"@type":"SearchAction","target":{"@type":"EntryPoint","urlTemplate":"https:\/\/www.urbanscreen.com\/de\/?s={search_term_string}"},"query-input":{"@type":"PropertyValueSpecification","valueRequired":true,"valueName":"search_term_string"}}],"inLanguage":"de"},{"@type":"Person","@id":"https:\/\/www.urbanscreen.com\/de\/#\/schema\/person\/81371c2d1883c959cad01547d60c64a8","name":"Urbanscreen User","sameAs":["https:\/\/www.urbanscreen.com"]}]}},"_links":{"self":[{"href":"https:\/\/www.urbanscreen.com\/de\/wp-json\/wp\/v2\/posts\/4908","targetHints":{"allow":["GET"]}}],"collection":[{"href":"https:\/\/www.urbanscreen.com\/de\/wp-json\/wp\/v2\/posts"}],"about":[{"href":"https:\/\/www.urbanscreen.com\/de\/wp-json\/wp\/v2\/types\/post"}],"author":[{"embeddable":true,"href":"https:\/\/www.urbanscreen.com\/de\/wp-json\/wp\/v2\/users\/2"}],"replies":[{"embeddable":true,"href":"https:\/\/www.urbanscreen.com\/de\/wp-json\/wp\/v2\/comments?post=4908"}],"version-history":[{"count":3,"href":"https:\/\/www.urbanscreen.com\/de\/wp-json\/wp\/v2\/posts\/4908\/revisions"}],"predecessor-version":[{"id":6349,"href":"https:\/\/www.urbanscreen.com\/de\/wp-json\/wp\/v2\/posts\/4908\/revisions\/6349"}],"wp:featuredmedia":[{"embeddable":true,"href":"https:\/\/www.urbanscreen.com\/de\/wp-json\/wp\/v2\/media\/4468"}],"wp:attachment":[{"href":"https:\/\/www.urbanscreen.com\/de\/wp-json\/wp\/v2\/media?parent=4908"}],"wp:term":[{"taxonomy":"category","embeddable":true,"href":"https:\/\/www.urbanscreen.com\/de\/wp-json\/wp\/v2\/categories?post=4908"},{"taxonomy":"post_tag","embeddable":true,"href":"https:\/\/www.urbanscreen.com\/de\/wp-json\/wp\/v2\/tags?post=4908"}],"curies":[{"name":"wp","href":"https:\/\/api.w.org\/{rel}","templated":true}]}}