{"id":5492,"date":"2019-07-31T14:56:51","date_gmt":"2019-07-31T12:56:51","guid":{"rendered":"https:\/\/www.urbanscreen.com\/?p=5492"},"modified":"2022-02-22T12:45:47","modified_gmt":"2022-02-22T10:45:47","slug":"kontra","status":"publish","type":"post","link":"https:\/\/www.urbanscreen.com\/de\/kontra\/","title":{"rendered":"KONTRA"},"content":{"rendered":"<div class=\"article-video\">\n<div class=\"responsive-video\"><iframe src=\"https:\/\/player.vimeo.com\/video\/362316040\" width=\"825\" height=\"464\" frameborder=\"0\" allowfullscreen=\"allowfullscreen\"><\/iframe><\/div>\n<\/div>\n<p>Gegens\u00e4tze, also Aussagen, Kr\u00e4fte, Darstellungen oder Anschauungen, die v\u00f6llig kontr\u00e4r sind \u2013 das Thema der diesj\u00e4hrigen Blauen Nacht \u2013 \u201eHimmel und H\u00f6lle\u201c  gab den Impuls f\u00fcr den Inhalt dieser audiovisuellen Arbeit. <\/p>\n<p>In KONTRA wird das Geb\u00e4ude selbst zum Geschichtenerz\u00e4hler und erz\u00e4hlt von einem Aufeinandertreffen zweier Kontrahenten. Sie bekommen ihr ganz eigenes, audiovisuelles Vokabular. Der Soloauftritt der ersten Seite etwa dr\u00fcckt sich in einer kalten, monochromen Farbpalette aus. Mit niedrigen Kontrasten und ruhigen Bewegungen kommt er recht zug\u00e4nglich daher. Der Gegenspieler hingegen spricht eine polychrome Sprache. Mit bunten, flackernden, definierten Formen und klaren, grafischen Gesten bestreitet er seinen Auftritt.<\/p>\n<p>Jede Einheit nimmt die Fassade des Geb\u00e4udes f\u00fcr ein paar Momente vollkommen ein, so dass ihr Einfluss auf das Realit\u00e4tserleben des Betrachters deutlich wahrgenommen werden kann. Die Auftritte der beiden Gegenspieler scheinen zun\u00e4chst wie ein Kampf um die Vorherrschaft eines jeden Einzelnen. Jeder &#8222;Angriff&#8220; steht in direktem Zusammenhang mit dem vorherigen, entwickelt aber auch seinen eigenen Stil weiter.<\/p>\n<p>Z\u00f6gerlich und subtil beginnen die Gegenspieler doch bald, die audiovisuellen Eigenschaften des anderen anzuerkennen und in ihre Sprache zu inkludieren. Ein Schulterschluss wird ge\u00fcbt, als ihre beiden Realit\u00e4ten sich vermischen. Sie haben erkannt, dass sie ohne einander nicht sein k\u00f6nnen. Erst ihre gemeinsame Ko-Existenz macht sie zu sich selbst. <\/p>\n<p>Im Auftrag von: <a href=\"https:\/\/blauenacht.nuernberg.de\/\">Blaue Nacht N\u00fcrnberg<\/a><\/p>\n<p>Premiere: 4. Mai 2019<\/p>\n<p>Art Direction:\u00a0Ana Rom\u00e3o<br \/>\nProduction Manager: Lydia Liedtke, Majo Ussat<br \/>\nCreative Consultant: Till Botterweck<br \/>\nTechnical Setup &#038; Planning: Frank Wagner (Lynx Media Systems)<br \/>\nMock-Up Konstruktion: Eike Buff<br \/>\nSound Design: <a href=\"https:\/\/soundcloud.com\/llyphon\">Thomas Werner<\/a><\/p>\n<p>Dokumentation<br \/>\nKamera: Moritz Horn, Eike Buff<br \/>\nSchnitt: Ana Rom\u00e3o, Moritz Horn<br \/>\nFotos: Eike Buff<\/p>\n<p><img decoding=\"async\" width=\"2000\" height=\"1333\" class=\"alignnone size-full wp-image-5497\" src=\"https:\/\/www.urbanscreen.com\/wp-content\/uploads\/2019\/07\/MG_6540.jpg\" alt=\"\" srcset=\"https:\/\/www.urbanscreen.com\/wp-content\/uploads\/2019\/07\/MG_6540.jpg 2000w, https:\/\/www.urbanscreen.com\/wp-content\/uploads\/2019\/07\/MG_6540-413x275.jpg 413w, https:\/\/www.urbanscreen.com\/wp-content\/uploads\/2019\/07\/MG_6540-768x512.jpg 768w, https:\/\/www.urbanscreen.com\/wp-content\/uploads\/2019\/07\/MG_6540-830x553.jpg 830w, https:\/\/www.urbanscreen.com\/wp-content\/uploads\/2019\/07\/MG_6540-1080x720.jpg 1080w\" sizes=\"(max-width: 2000px) 100vw, 2000px\" \/><\/p>\n<p><img decoding=\"async\" width=\"2000\" height=\"1333\" class=\"alignnone size-full wp-image-5503\" src=\"https:\/\/www.urbanscreen.com\/wp-content\/uploads\/2019\/07\/MG_6203.jpg\" alt=\"\" srcset=\"https:\/\/www.urbanscreen.com\/wp-content\/uploads\/2019\/07\/MG_6203.jpg 2000w, https:\/\/www.urbanscreen.com\/wp-content\/uploads\/2019\/07\/MG_6203-413x275.jpg 413w, https:\/\/www.urbanscreen.com\/wp-content\/uploads\/2019\/07\/MG_6203-768x512.jpg 768w, https:\/\/www.urbanscreen.com\/wp-content\/uploads\/2019\/07\/MG_6203-830x553.jpg 830w, https:\/\/www.urbanscreen.com\/wp-content\/uploads\/2019\/07\/MG_6203-1080x720.jpg 1080w\" sizes=\"(max-width: 2000px) 100vw, 2000px\" \/><\/p>\n<p><img decoding=\"async\" width=\"2000\" height=\"1333\" class=\"alignnone size-full wp-image-5499\" src=\"https:\/\/www.urbanscreen.com\/wp-content\/uploads\/2019\/07\/MG_5731.jpg\" alt=\"\" srcset=\"https:\/\/www.urbanscreen.com\/wp-content\/uploads\/2019\/07\/MG_5731.jpg 2000w, https:\/\/www.urbanscreen.com\/wp-content\/uploads\/2019\/07\/MG_5731-413x275.jpg 413w, https:\/\/www.urbanscreen.com\/wp-content\/uploads\/2019\/07\/MG_5731-768x512.jpg 768w, https:\/\/www.urbanscreen.com\/wp-content\/uploads\/2019\/07\/MG_5731-830x553.jpg 830w, https:\/\/www.urbanscreen.com\/wp-content\/uploads\/2019\/07\/MG_5731-1080x720.jpg 1080w\" sizes=\"(max-width: 2000px) 100vw, 2000px\" \/><\/p>\n","protected":false},"excerpt":{"rendered":"<p>Gegens\u00e4tze, also Aussagen, Kr\u00e4fte, Darstellungen oder Anschauungen, die v\u00f6llig kontr\u00e4r sind \u2013 das Thema der diesj\u00e4hrigen Blauen Nacht \u2013 \u201eHimmel und H\u00f6lle\u201c gab den Impuls f\u00fcr den Inhalt dieser audiovisuellen Arbeit. In KONTRA wird das Geb\u00e4ude selbst zum Geschichtenerz\u00e4hler und erz\u00e4hlt von einem Aufeinandertreffen zweier Kontrahenten. Sie bekommen ihr ganz eigenes, audiovisuelles Vokabular. Der Soloauftritt [&hellip;]<\/p>\n","protected":false},"author":4,"featured_media":5529,"comment_status":"closed","ping_status":"open","sticky":false,"template":"","format":"standard","meta":{"_acf_changed":false,"_et_pb_use_builder":"","_et_pb_old_content":"","_et_gb_content_width":"","footnotes":""},"categories":[306,302],"tags":[],"class_list":["post-5492","post","type-post","status-publish","format-standard","has-post-thumbnail","hentry","category-all-projects-de","category-art-production-de"],"acf":[],"yoast_head":"<!-- This site is optimized with the Yoast SEO plugin v27.4 - https:\/\/yoast.com\/product\/yoast-seo-wordpress\/ -->\n<title>KONTRA | URBANSCREEN<\/title>\n<meta name=\"description\" content=\"Das Motto der diesj\u00e4hrigen Blauen Nacht N\u00fcrnberg lautete &quot;Himmel und H\u00f6lle&quot;. Es lie\u00df uns an Gegens\u00e4tze, Kr\u00e4fte oder Ansichten denken, die v\u00f6llig gegens\u00e4tzlich sind. Wir nutzten sie als Inspiration f\u00fcr unsere Show KONTRA.\" \/>\n<meta name=\"robots\" content=\"index, follow, max-snippet:-1, max-image-preview:large, max-video-preview:-1\" \/>\n<link rel=\"canonical\" href=\"https:\/\/www.urbanscreen.com\/de\/kontra\/\" \/>\n<meta property=\"og:locale\" content=\"de_DE\" \/>\n<meta property=\"og:type\" content=\"article\" \/>\n<meta property=\"og:title\" content=\"KONTRA | URBANSCREEN\" \/>\n<meta property=\"og:description\" content=\"Das Motto der diesj\u00e4hrigen Blauen Nacht N\u00fcrnberg lautete &quot;Himmel und H\u00f6lle&quot;. Es lie\u00df uns an Gegens\u00e4tze, Kr\u00e4fte oder Ansichten denken, die v\u00f6llig gegens\u00e4tzlich sind. Wir nutzten sie als Inspiration f\u00fcr unsere Show KONTRA.\" \/>\n<meta property=\"og:url\" content=\"https:\/\/www.urbanscreen.com\/de\/kontra\/\" \/>\n<meta property=\"og:site_name\" content=\"URBANSCREEN\" \/>\n<meta property=\"article:published_time\" content=\"2019-07-31T12:56:51+00:00\" \/>\n<meta property=\"article:modified_time\" content=\"2022-02-22T10:45:47+00:00\" \/>\n<meta property=\"og:image\" content=\"https:\/\/www.urbanscreen.com\/wp-content\/uploads\/2019\/07\/thumb1.jpg\" \/>\n\t<meta property=\"og:image:width\" content=\"600\" \/>\n\t<meta property=\"og:image:height\" content=\"600\" \/>\n\t<meta property=\"og:image:type\" content=\"image\/jpeg\" \/>\n<meta name=\"author\" content=\"Lydia Liedtke\" \/>\n<meta name=\"twitter:label1\" content=\"Verfasst von\" \/>\n\t<meta name=\"twitter:data1\" content=\"Lydia Liedtke\" \/>\n\t<meta name=\"twitter:label2\" content=\"Gesch\u00e4tzte Lesezeit\" \/>\n\t<meta name=\"twitter:data2\" content=\"1\u00a0Minute\" \/>\n<script type=\"application\/ld+json\" class=\"yoast-schema-graph\">{\"@context\":\"https:\\\/\\\/schema.org\",\"@graph\":[{\"@type\":\"Article\",\"@id\":\"https:\\\/\\\/www.urbanscreen.com\\\/de\\\/kontra\\\/#article\",\"isPartOf\":{\"@id\":\"https:\\\/\\\/www.urbanscreen.com\\\/de\\\/kontra\\\/\"},\"author\":{\"name\":\"Lydia Liedtke\",\"@id\":\"https:\\\/\\\/www.urbanscreen.com\\\/de\\\/#\\\/schema\\\/person\\\/ac6acbccc1f53b2def9893bccf5a384b\"},\"headline\":\"KONTRA\",\"datePublished\":\"2019-07-31T12:56:51+00:00\",\"dateModified\":\"2022-02-22T10:45:47+00:00\",\"mainEntityOfPage\":{\"@id\":\"https:\\\/\\\/www.urbanscreen.com\\\/de\\\/kontra\\\/\"},\"wordCount\":279,\"image\":{\"@id\":\"https:\\\/\\\/www.urbanscreen.com\\\/de\\\/kontra\\\/#primaryimage\"},\"thumbnailUrl\":\"https:\\\/\\\/www.urbanscreen.com\\\/wp-content\\\/uploads\\\/2019\\\/07\\\/thumb1.jpg\",\"articleSection\":[\"all projects\",\"Art Production\"],\"inLanguage\":\"de\"},{\"@type\":\"WebPage\",\"@id\":\"https:\\\/\\\/www.urbanscreen.com\\\/de\\\/kontra\\\/\",\"url\":\"https:\\\/\\\/www.urbanscreen.com\\\/de\\\/kontra\\\/\",\"name\":\"KONTRA | URBANSCREEN\",\"isPartOf\":{\"@id\":\"https:\\\/\\\/www.urbanscreen.com\\\/de\\\/#website\"},\"primaryImageOfPage\":{\"@id\":\"https:\\\/\\\/www.urbanscreen.com\\\/de\\\/kontra\\\/#primaryimage\"},\"image\":{\"@id\":\"https:\\\/\\\/www.urbanscreen.com\\\/de\\\/kontra\\\/#primaryimage\"},\"thumbnailUrl\":\"https:\\\/\\\/www.urbanscreen.com\\\/wp-content\\\/uploads\\\/2019\\\/07\\\/thumb1.jpg\",\"datePublished\":\"2019-07-31T12:56:51+00:00\",\"dateModified\":\"2022-02-22T10:45:47+00:00\",\"author\":{\"@id\":\"https:\\\/\\\/www.urbanscreen.com\\\/de\\\/#\\\/schema\\\/person\\\/ac6acbccc1f53b2def9893bccf5a384b\"},\"description\":\"Das Motto der diesj\u00e4hrigen Blauen Nacht N\u00fcrnberg lautete \\\"Himmel und H\u00f6lle\\\". Es lie\u00df uns an Gegens\u00e4tze, Kr\u00e4fte oder Ansichten denken, die v\u00f6llig gegens\u00e4tzlich sind. Wir nutzten sie als Inspiration f\u00fcr unsere Show KONTRA.\",\"breadcrumb\":{\"@id\":\"https:\\\/\\\/www.urbanscreen.com\\\/de\\\/kontra\\\/#breadcrumb\"},\"inLanguage\":\"de\",\"potentialAction\":[{\"@type\":\"ReadAction\",\"target\":[\"https:\\\/\\\/www.urbanscreen.com\\\/de\\\/kontra\\\/\"]}]},{\"@type\":\"ImageObject\",\"inLanguage\":\"de\",\"@id\":\"https:\\\/\\\/www.urbanscreen.com\\\/de\\\/kontra\\\/#primaryimage\",\"url\":\"https:\\\/\\\/www.urbanscreen.com\\\/wp-content\\\/uploads\\\/2019\\\/07\\\/thumb1.jpg\",\"contentUrl\":\"https:\\\/\\\/www.urbanscreen.com\\\/wp-content\\\/uploads\\\/2019\\\/07\\\/thumb1.jpg\",\"width\":600,\"height\":600},{\"@type\":\"BreadcrumbList\",\"@id\":\"https:\\\/\\\/www.urbanscreen.com\\\/de\\\/kontra\\\/#breadcrumb\",\"itemListElement\":[{\"@type\":\"ListItem\",\"position\":1,\"name\":\"Home\",\"item\":\"https:\\\/\\\/www.urbanscreen.com\\\/de\\\/\"},{\"@type\":\"ListItem\",\"position\":2,\"name\":\"KONTRA\"}]},{\"@type\":\"WebSite\",\"@id\":\"https:\\\/\\\/www.urbanscreen.com\\\/de\\\/#website\",\"url\":\"https:\\\/\\\/www.urbanscreen.com\\\/de\\\/\",\"name\":\"URBANSCREEN\",\"description\":\"Inventing Augmented Experiences\",\"potentialAction\":[{\"@type\":\"SearchAction\",\"target\":{\"@type\":\"EntryPoint\",\"urlTemplate\":\"https:\\\/\\\/www.urbanscreen.com\\\/de\\\/?s={search_term_string}\"},\"query-input\":{\"@type\":\"PropertyValueSpecification\",\"valueRequired\":true,\"valueName\":\"search_term_string\"}}],\"inLanguage\":\"de\"},{\"@type\":\"Person\",\"@id\":\"https:\\\/\\\/www.urbanscreen.com\\\/de\\\/#\\\/schema\\\/person\\\/ac6acbccc1f53b2def9893bccf5a384b\",\"name\":\"Lydia Liedtke\",\"sameAs\":[\"https:\\\/\\\/www.urbanscreen.com\\\/\"]}]}<\/script>\n<!-- \/ Yoast SEO plugin. -->","yoast_head_json":{"title":"KONTRA | URBANSCREEN","description":"Das Motto der diesj\u00e4hrigen Blauen Nacht N\u00fcrnberg lautete \"Himmel und H\u00f6lle\". Es lie\u00df uns an Gegens\u00e4tze, Kr\u00e4fte oder Ansichten denken, die v\u00f6llig gegens\u00e4tzlich sind. Wir nutzten sie als Inspiration f\u00fcr unsere Show KONTRA.","robots":{"index":"index","follow":"follow","max-snippet":"max-snippet:-1","max-image-preview":"max-image-preview:large","max-video-preview":"max-video-preview:-1"},"canonical":"https:\/\/www.urbanscreen.com\/de\/kontra\/","og_locale":"de_DE","og_type":"article","og_title":"KONTRA | URBANSCREEN","og_description":"Das Motto der diesj\u00e4hrigen Blauen Nacht N\u00fcrnberg lautete \"Himmel und H\u00f6lle\". Es lie\u00df uns an Gegens\u00e4tze, Kr\u00e4fte oder Ansichten denken, die v\u00f6llig gegens\u00e4tzlich sind. Wir nutzten sie als Inspiration f\u00fcr unsere Show KONTRA.","og_url":"https:\/\/www.urbanscreen.com\/de\/kontra\/","og_site_name":"URBANSCREEN","article_published_time":"2019-07-31T12:56:51+00:00","article_modified_time":"2022-02-22T10:45:47+00:00","og_image":[{"width":600,"height":600,"url":"https:\/\/www.urbanscreen.com\/wp-content\/uploads\/2019\/07\/thumb1.jpg","type":"image\/jpeg"}],"author":"Lydia Liedtke","twitter_misc":{"Verfasst von":"Lydia Liedtke","Gesch\u00e4tzte Lesezeit":"1\u00a0Minute"},"schema":{"@context":"https:\/\/schema.org","@graph":[{"@type":"Article","@id":"https:\/\/www.urbanscreen.com\/de\/kontra\/#article","isPartOf":{"@id":"https:\/\/www.urbanscreen.com\/de\/kontra\/"},"author":{"name":"Lydia Liedtke","@id":"https:\/\/www.urbanscreen.com\/de\/#\/schema\/person\/ac6acbccc1f53b2def9893bccf5a384b"},"headline":"KONTRA","datePublished":"2019-07-31T12:56:51+00:00","dateModified":"2022-02-22T10:45:47+00:00","mainEntityOfPage":{"@id":"https:\/\/www.urbanscreen.com\/de\/kontra\/"},"wordCount":279,"image":{"@id":"https:\/\/www.urbanscreen.com\/de\/kontra\/#primaryimage"},"thumbnailUrl":"https:\/\/www.urbanscreen.com\/wp-content\/uploads\/2019\/07\/thumb1.jpg","articleSection":["all projects","Art Production"],"inLanguage":"de"},{"@type":"WebPage","@id":"https:\/\/www.urbanscreen.com\/de\/kontra\/","url":"https:\/\/www.urbanscreen.com\/de\/kontra\/","name":"KONTRA | URBANSCREEN","isPartOf":{"@id":"https:\/\/www.urbanscreen.com\/de\/#website"},"primaryImageOfPage":{"@id":"https:\/\/www.urbanscreen.com\/de\/kontra\/#primaryimage"},"image":{"@id":"https:\/\/www.urbanscreen.com\/de\/kontra\/#primaryimage"},"thumbnailUrl":"https:\/\/www.urbanscreen.com\/wp-content\/uploads\/2019\/07\/thumb1.jpg","datePublished":"2019-07-31T12:56:51+00:00","dateModified":"2022-02-22T10:45:47+00:00","author":{"@id":"https:\/\/www.urbanscreen.com\/de\/#\/schema\/person\/ac6acbccc1f53b2def9893bccf5a384b"},"description":"Das Motto der diesj\u00e4hrigen Blauen Nacht N\u00fcrnberg lautete \"Himmel und H\u00f6lle\". Es lie\u00df uns an Gegens\u00e4tze, Kr\u00e4fte oder Ansichten denken, die v\u00f6llig gegens\u00e4tzlich sind. Wir nutzten sie als Inspiration f\u00fcr unsere Show KONTRA.","breadcrumb":{"@id":"https:\/\/www.urbanscreen.com\/de\/kontra\/#breadcrumb"},"inLanguage":"de","potentialAction":[{"@type":"ReadAction","target":["https:\/\/www.urbanscreen.com\/de\/kontra\/"]}]},{"@type":"ImageObject","inLanguage":"de","@id":"https:\/\/www.urbanscreen.com\/de\/kontra\/#primaryimage","url":"https:\/\/www.urbanscreen.com\/wp-content\/uploads\/2019\/07\/thumb1.jpg","contentUrl":"https:\/\/www.urbanscreen.com\/wp-content\/uploads\/2019\/07\/thumb1.jpg","width":600,"height":600},{"@type":"BreadcrumbList","@id":"https:\/\/www.urbanscreen.com\/de\/kontra\/#breadcrumb","itemListElement":[{"@type":"ListItem","position":1,"name":"Home","item":"https:\/\/www.urbanscreen.com\/de\/"},{"@type":"ListItem","position":2,"name":"KONTRA"}]},{"@type":"WebSite","@id":"https:\/\/www.urbanscreen.com\/de\/#website","url":"https:\/\/www.urbanscreen.com\/de\/","name":"URBANSCREEN","description":"Inventing Augmented Experiences","potentialAction":[{"@type":"SearchAction","target":{"@type":"EntryPoint","urlTemplate":"https:\/\/www.urbanscreen.com\/de\/?s={search_term_string}"},"query-input":{"@type":"PropertyValueSpecification","valueRequired":true,"valueName":"search_term_string"}}],"inLanguage":"de"},{"@type":"Person","@id":"https:\/\/www.urbanscreen.com\/de\/#\/schema\/person\/ac6acbccc1f53b2def9893bccf5a384b","name":"Lydia Liedtke","sameAs":["https:\/\/www.urbanscreen.com\/"]}]}},"_links":{"self":[{"href":"https:\/\/www.urbanscreen.com\/de\/wp-json\/wp\/v2\/posts\/5492","targetHints":{"allow":["GET"]}}],"collection":[{"href":"https:\/\/www.urbanscreen.com\/de\/wp-json\/wp\/v2\/posts"}],"about":[{"href":"https:\/\/www.urbanscreen.com\/de\/wp-json\/wp\/v2\/types\/post"}],"author":[{"embeddable":true,"href":"https:\/\/www.urbanscreen.com\/de\/wp-json\/wp\/v2\/users\/4"}],"replies":[{"embeddable":true,"href":"https:\/\/www.urbanscreen.com\/de\/wp-json\/wp\/v2\/comments?post=5492"}],"version-history":[{"count":7,"href":"https:\/\/www.urbanscreen.com\/de\/wp-json\/wp\/v2\/posts\/5492\/revisions"}],"predecessor-version":[{"id":5541,"href":"https:\/\/www.urbanscreen.com\/de\/wp-json\/wp\/v2\/posts\/5492\/revisions\/5541"}],"wp:featuredmedia":[{"embeddable":true,"href":"https:\/\/www.urbanscreen.com\/de\/wp-json\/wp\/v2\/media\/5529"}],"wp:attachment":[{"href":"https:\/\/www.urbanscreen.com\/de\/wp-json\/wp\/v2\/media?parent=5492"}],"wp:term":[{"taxonomy":"category","embeddable":true,"href":"https:\/\/www.urbanscreen.com\/de\/wp-json\/wp\/v2\/categories?post=5492"},{"taxonomy":"post_tag","embeddable":true,"href":"https:\/\/www.urbanscreen.com\/de\/wp-json\/wp\/v2\/tags?post=5492"}],"curies":[{"name":"wp","href":"https:\/\/api.w.org\/{rel}","templated":true}]}}