{"id":5760,"date":"2020-04-08T11:55:06","date_gmt":"2020-04-08T09:55:06","guid":{"rendered":"https:\/\/www.urbanscreen.com\/?p=5760"},"modified":"2023-10-11T15:32:14","modified_gmt":"2023-10-11T13:32:14","slug":"2d-dramatic-dimensions","status":"publish","type":"post","link":"https:\/\/www.urbanscreen.com\/de\/2d-dramatic-dimensions\/","title":{"rendered":"2D &#8211; Dramatic Dimensions"},"content":{"rendered":"<div class=\"article-video\">\n<div class=\"responsive-video\"><iframe src=\"https:\/\/player.vimeo.com\/video\/402878133\" width=\"825\" height=\"464\" frameborder=\"0\" allowfullscreen=\"allowfullscreen\"><\/iframe><\/div>\n<\/div>\n<p>2D &#8211; DRAMATIC DIMENSIONS entstand im Rahmen einer Kooperation zwischen <a href=\"http:\/\/tanzkollektivbremen.de\">TanzKollektivBremen<\/a>, <a href=\"https:\/\/www.kunsthalle-bremen.de\">Kunsthalle Bremen<\/a> und URBANSCREEN.<\/p>\n<p>In der von Magali Sander Fett entwickelten Inszenierung wurden ausgew\u00e4hlte Kunstwerke aus der Ausstellung &#8222;IKONEN &#8211; Was wir Menschen anbeten\u201c in deren Eingangsbereich an die Wand projiziert. Die T\u00e4nzerinnen und T\u00e4nzer des TanzKollektivBremen nahmen in ihrer Performance darauf Bezug.<\/p>\n<p>Der Tanz mit, vor und in den Kunstwerken erweiterte sie um eine zus\u00e4tzliche r\u00e4umliche und zeitliche Ebene. Tanztheater im musealen Rahmen &#8211; eine Kombination aus zwei Genres, die aus Museumsbesucher*innen Theaterbesucher*innen machte und umgekehrt.<\/p>\n<p>Eine weitere Komponente war das speziell f\u00fcr diese Auff\u00fchrung entwickelte Klangerlebnis. Auf diese Art entstand ein ganzes B\u00fcndel von Sinneseindr\u00fccken und eine sehr intensive Auseinandersetzung mit der Ausstellung. <\/p>\n<p>Premiere: 19.10.2019<\/p>\n<p>Tanz: Neus Ledesma, Magali Sander Fett; Anton Rudakov, Miros\u0142aw \u017bydowicz<br \/>\nK\u00fcnstlerische Leitung &#038; Choreografie: Magali Sander Fett<br \/>\nVideo: Till Botterweck<br \/>\nSounddesign: <a href=\"https:\/\/soundcloud.com\/tibslc\">Jonas Wiese<\/a><br \/>\nAssistenz: Tomas B\u00fcnger<br \/>\nProduktionsleitung: Alex Gesch<br \/>\nProjektmanagement: Ulrike Osten<\/p>\n<p>Dokumentation<br \/>\nKamera, Schnitt: <a href=\"https:\/\/www.instagram.com\/janoblock\/\">Jano Block<\/a><br \/>\nFotos: Marcus Meyer<\/p>\n<p>Eine Produktion von TanzKollektivBremen und URBANSCREEN<br \/>\nKoproduktion Kunsthalle Bremen<br \/>\nGef\u00f6rdert vom Fonds Darstellende K\u00fcnste, der Karin und Uwe Hollweg Stiftung, der Waldemar Koch Stiftung und dem Senator f\u00fcr Kultur<br \/>\nUnterst\u00fctzt durch die Schwankhalle Bremen und das Theater Schlachthof<\/p>\n<p><img decoding=\"async\" width=\"2048\" height=\"1365\" class=\"alignnone size-full wp-image-5766\" src=\"https:\/\/www.urbanscreen.com\/wp-content\/uploads\/2020\/03\/Kunsthalle_19.10.2019_Er\u00f6ffnung-Ikonen_MMP2403.jpg\" alt=\"\" srcset=\"https:\/\/www.urbanscreen.com\/wp-content\/uploads\/2020\/03\/Kunsthalle_19.10.2019_Er\u00f6ffnung-Ikonen_MMP2403.jpg 2048w, https:\/\/www.urbanscreen.com\/wp-content\/uploads\/2020\/03\/Kunsthalle_19.10.2019_Er\u00f6ffnung-Ikonen_MMP2403-413x275.jpg 413w, https:\/\/www.urbanscreen.com\/wp-content\/uploads\/2020\/03\/Kunsthalle_19.10.2019_Er\u00f6ffnung-Ikonen_MMP2403-830x553.jpg 830w, https:\/\/www.urbanscreen.com\/wp-content\/uploads\/2020\/03\/Kunsthalle_19.10.2019_Er\u00f6ffnung-Ikonen_MMP2403-768x512.jpg 768w, https:\/\/www.urbanscreen.com\/wp-content\/uploads\/2020\/03\/Kunsthalle_19.10.2019_Er\u00f6ffnung-Ikonen_MMP2403-1536x1024.jpg 1536w, https:\/\/www.urbanscreen.com\/wp-content\/uploads\/2020\/03\/Kunsthalle_19.10.2019_Er\u00f6ffnung-Ikonen_MMP2403-1080x720.jpg 1080w, https:\/\/www.urbanscreen.com\/wp-content\/uploads\/2020\/03\/Kunsthalle_19.10.2019_Er\u00f6ffnung-Ikonen_MMP2403-1280x853.jpg 1280w, https:\/\/www.urbanscreen.com\/wp-content\/uploads\/2020\/03\/Kunsthalle_19.10.2019_Er\u00f6ffnung-Ikonen_MMP2403-980x653.jpg 980w, https:\/\/www.urbanscreen.com\/wp-content\/uploads\/2020\/03\/Kunsthalle_19.10.2019_Er\u00f6ffnung-Ikonen_MMP2403-480x320.jpg 480w\" sizes=\"(max-width: 2048px) 100vw, 2048px\" \/><\/p>\n<p><img decoding=\"async\" width=\"2048\" height=\"1365\" class=\"alignnone size-full wp-image-5768\" src=\"https:\/\/www.urbanscreen.com\/wp-content\/uploads\/2020\/03\/Kunsthalle_19.10.2019_Er\u00f6ffnung-Ikonen_MMP2395.jpg\" alt=\"\" srcset=\"https:\/\/www.urbanscreen.com\/wp-content\/uploads\/2020\/03\/Kunsthalle_19.10.2019_Er\u00f6ffnung-Ikonen_MMP2395.jpg 2048w, https:\/\/www.urbanscreen.com\/wp-content\/uploads\/2020\/03\/Kunsthalle_19.10.2019_Er\u00f6ffnung-Ikonen_MMP2395-413x275.jpg 413w, https:\/\/www.urbanscreen.com\/wp-content\/uploads\/2020\/03\/Kunsthalle_19.10.2019_Er\u00f6ffnung-Ikonen_MMP2395-830x553.jpg 830w, https:\/\/www.urbanscreen.com\/wp-content\/uploads\/2020\/03\/Kunsthalle_19.10.2019_Er\u00f6ffnung-Ikonen_MMP2395-768x512.jpg 768w, https:\/\/www.urbanscreen.com\/wp-content\/uploads\/2020\/03\/Kunsthalle_19.10.2019_Er\u00f6ffnung-Ikonen_MMP2395-1536x1024.jpg 1536w, https:\/\/www.urbanscreen.com\/wp-content\/uploads\/2020\/03\/Kunsthalle_19.10.2019_Er\u00f6ffnung-Ikonen_MMP2395-1080x720.jpg 1080w, https:\/\/www.urbanscreen.com\/wp-content\/uploads\/2020\/03\/Kunsthalle_19.10.2019_Er\u00f6ffnung-Ikonen_MMP2395-1280x853.jpg 1280w, https:\/\/www.urbanscreen.com\/wp-content\/uploads\/2020\/03\/Kunsthalle_19.10.2019_Er\u00f6ffnung-Ikonen_MMP2395-980x653.jpg 980w, https:\/\/www.urbanscreen.com\/wp-content\/uploads\/2020\/03\/Kunsthalle_19.10.2019_Er\u00f6ffnung-Ikonen_MMP2395-480x320.jpg 480w\" sizes=\"(max-width: 2048px) 100vw, 2048px\" \/><\/p>\n<p><img decoding=\"async\" width=\"2048\" height=\"1365\" class=\"alignnone size-full wp-image-5770\" src=\"https:\/\/www.urbanscreen.com\/wp-content\/uploads\/2020\/03\/Kunsthalle_19.10.2019_Er\u00f6ffnung-Ikonen_MMP2278.jpg\" alt=\"\" srcset=\"https:\/\/www.urbanscreen.com\/wp-content\/uploads\/2020\/03\/Kunsthalle_19.10.2019_Er\u00f6ffnung-Ikonen_MMP2278.jpg 2048w, https:\/\/www.urbanscreen.com\/wp-content\/uploads\/2020\/03\/Kunsthalle_19.10.2019_Er\u00f6ffnung-Ikonen_MMP2278-413x275.jpg 413w, https:\/\/www.urbanscreen.com\/wp-content\/uploads\/2020\/03\/Kunsthalle_19.10.2019_Er\u00f6ffnung-Ikonen_MMP2278-830x553.jpg 830w, https:\/\/www.urbanscreen.com\/wp-content\/uploads\/2020\/03\/Kunsthalle_19.10.2019_Er\u00f6ffnung-Ikonen_MMP2278-768x512.jpg 768w, https:\/\/www.urbanscreen.com\/wp-content\/uploads\/2020\/03\/Kunsthalle_19.10.2019_Er\u00f6ffnung-Ikonen_MMP2278-1536x1024.jpg 1536w, https:\/\/www.urbanscreen.com\/wp-content\/uploads\/2020\/03\/Kunsthalle_19.10.2019_Er\u00f6ffnung-Ikonen_MMP2278-1080x720.jpg 1080w, https:\/\/www.urbanscreen.com\/wp-content\/uploads\/2020\/03\/Kunsthalle_19.10.2019_Er\u00f6ffnung-Ikonen_MMP2278-1280x853.jpg 1280w, https:\/\/www.urbanscreen.com\/wp-content\/uploads\/2020\/03\/Kunsthalle_19.10.2019_Er\u00f6ffnung-Ikonen_MMP2278-980x653.jpg 980w, https:\/\/www.urbanscreen.com\/wp-content\/uploads\/2020\/03\/Kunsthalle_19.10.2019_Er\u00f6ffnung-Ikonen_MMP2278-480x320.jpg 480w\" sizes=\"(max-width: 2048px) 100vw, 2048px\" \/><\/p>\n<p><img decoding=\"async\" class=\"alignnone size-full wp-image-5772\" src=\"https:\/\/www.urbanscreen.com\/wp-content\/uploads\/2020\/03\/Kunsthalle_19.10.2019_Er\u00f6ffnung-Ikonen_MMP2416.jpg\" alt=\"\" \/><\/p>\n","protected":false},"excerpt":{"rendered":"<p>2D &#8211; DRAMATIC DIMENSIONS entstand im Rahmen einer Kooperation zwischen TanzKollektivBremen, Kunsthalle Bremen und URBANSCREEN. <\/p>\n<p>In der von Magali Sander Fett entwickelten Inszenierung wurden ausgew\u00e4hlte Kunstwerke aus der Ausstellung &#8222;IKONEN &#8211; Was wir Menschen anbeten\u201c in deren Eingangsbereich an die Wand projiziert. Die T\u00e4nzerinnen und T\u00e4nzer des TanzKollektivBremen nahmen in ihrer Performance darauf Bezug.<\/p>\n<p>Der Tanz mit, vor und in den Kunstwerken erweiterte sie um eine zus\u00e4tzliche r\u00e4umliche und zeitliche Ebene. Tanztheater im musealen Rahmen &#8211; eine Kombination aus zwei Genres, die aus Museumsbesucher*innen Theaterbesucher*innen machte und umgekehrt.<\/p>\n","protected":false},"author":4,"featured_media":5836,"comment_status":"closed","ping_status":"open","sticky":false,"template":"","format":"standard","meta":{"_acf_changed":false,"_et_pb_use_builder":"","_et_pb_old_content":"","_et_gb_content_width":"","footnotes":""},"categories":[306,302],"tags":[502,503,418,334,496,497],"class_list":["post-5760","post","type-post","status-publish","format-standard","has-post-thumbnail","hentry","category-all-projects-de","category-art-production-de","tag-dance-de","tag-dancetheatre-de","tag-museum-de","tag-projection-de","tag-projectionmapping-de","tag-videomapping-de"],"acf":[],"yoast_head":"<!-- This site is optimized with the Yoast SEO plugin v27.4 - https:\/\/yoast.com\/product\/yoast-seo-wordpress\/ -->\n<title>2D - Dramatic Dimensions | URBANSCREEN<\/title>\n<meta name=\"description\" content=\"2D - DRAMATIC DIMENSIONS entstand im Rahmen einer Kooperation zwischen TanzKollektivBremen, Kunsthalle Bremen und URBANSCREEN. In der von Magali Sander Fett entwickelten Inszenierung wurden ausgew\u00e4hlte Kunstwerke aus der Ausstellung &quot;IKONEN - Was wir Menschen anbeten\u201c in deren Eingangsbereich an die Wand projiziert. Die T\u00e4nzerinnen und T\u00e4nzer des TanzKollektivBremen nahmen in ihrer Performance darauf Bezug. Der Tanz mit, vor und in den Kunstwerken erweiterte sie um eine zus\u00e4tzliche r\u00e4umliche und zeitliche Ebene. Tanztheater im musealen Rahmen - eine Kombination aus zwei Genres, die aus Museumsbesucher*innen Theaterbesucher*innen machte und umgekehrt.\" \/>\n<meta name=\"robots\" content=\"index, follow, max-snippet:-1, max-image-preview:large, max-video-preview:-1\" \/>\n<link rel=\"canonical\" href=\"https:\/\/www.urbanscreen.com\/de\/2d-dramatic-dimensions\/\" \/>\n<meta property=\"og:locale\" content=\"de_DE\" \/>\n<meta property=\"og:type\" content=\"article\" \/>\n<meta property=\"og:title\" content=\"2D - Dramatic Dimensions | URBANSCREEN\" \/>\n<meta property=\"og:description\" content=\"2D - DRAMATIC DIMENSIONS entstand im Rahmen einer Kooperation zwischen TanzKollektivBremen, Kunsthalle Bremen und URBANSCREEN. In der von Magali Sander Fett entwickelten Inszenierung wurden ausgew\u00e4hlte Kunstwerke aus der Ausstellung &quot;IKONEN - Was wir Menschen anbeten\u201c in deren Eingangsbereich an die Wand projiziert. Die T\u00e4nzerinnen und T\u00e4nzer des TanzKollektivBremen nahmen in ihrer Performance darauf Bezug. Der Tanz mit, vor und in den Kunstwerken erweiterte sie um eine zus\u00e4tzliche r\u00e4umliche und zeitliche Ebene. Tanztheater im musealen Rahmen - eine Kombination aus zwei Genres, die aus Museumsbesucher*innen Theaterbesucher*innen machte und umgekehrt.\" \/>\n<meta property=\"og:url\" content=\"https:\/\/www.urbanscreen.com\/de\/2d-dramatic-dimensions\/\" \/>\n<meta property=\"og:site_name\" content=\"URBANSCREEN\" \/>\n<meta property=\"article:published_time\" content=\"2020-04-08T09:55:06+00:00\" \/>\n<meta property=\"article:modified_time\" content=\"2023-10-11T13:32:14+00:00\" \/>\n<meta property=\"og:image\" content=\"https:\/\/www.urbanscreen.com\/wp-content\/uploads\/2020\/04\/Tanzkollektiv_Kunsthalle.jpg\" \/>\n\t<meta property=\"og:image:width\" content=\"600\" \/>\n\t<meta property=\"og:image:height\" content=\"600\" \/>\n\t<meta property=\"og:image:type\" content=\"image\/jpeg\" \/>\n<meta name=\"author\" content=\"Lydia Liedtke\" \/>\n<meta name=\"twitter:label1\" content=\"Verfasst von\" \/>\n\t<meta name=\"twitter:data1\" content=\"Lydia Liedtke\" \/>\n\t<meta name=\"twitter:label2\" content=\"Gesch\u00e4tzte Lesezeit\" \/>\n\t<meta name=\"twitter:data2\" content=\"1\u00a0Minute\" \/>\n<script type=\"application\/ld+json\" class=\"yoast-schema-graph\">{\"@context\":\"https:\\\/\\\/schema.org\",\"@graph\":[{\"@type\":\"Article\",\"@id\":\"https:\\\/\\\/www.urbanscreen.com\\\/de\\\/2d-dramatic-dimensions\\\/#article\",\"isPartOf\":{\"@id\":\"https:\\\/\\\/www.urbanscreen.com\\\/de\\\/2d-dramatic-dimensions\\\/\"},\"author\":{\"name\":\"Lydia Liedtke\",\"@id\":\"https:\\\/\\\/www.urbanscreen.com\\\/de\\\/#\\\/schema\\\/person\\\/ac6acbccc1f53b2def9893bccf5a384b\"},\"headline\":\"2D &#8211; Dramatic Dimensions\",\"datePublished\":\"2020-04-08T09:55:06+00:00\",\"dateModified\":\"2023-10-11T13:32:14+00:00\",\"mainEntityOfPage\":{\"@id\":\"https:\\\/\\\/www.urbanscreen.com\\\/de\\\/2d-dramatic-dimensions\\\/\"},\"wordCount\":216,\"image\":{\"@id\":\"https:\\\/\\\/www.urbanscreen.com\\\/de\\\/2d-dramatic-dimensions\\\/#primaryimage\"},\"thumbnailUrl\":\"https:\\\/\\\/www.urbanscreen.com\\\/wp-content\\\/uploads\\\/2020\\\/04\\\/Tanzkollektiv_Kunsthalle.jpg\",\"keywords\":[\"dance\",\"dancetheatre\",\"museum\",\"projection\",\"Projectionmapping\",\"Videomapping\"],\"articleSection\":[\"all projects\",\"Art Production\"],\"inLanguage\":\"de\"},{\"@type\":\"WebPage\",\"@id\":\"https:\\\/\\\/www.urbanscreen.com\\\/de\\\/2d-dramatic-dimensions\\\/\",\"url\":\"https:\\\/\\\/www.urbanscreen.com\\\/de\\\/2d-dramatic-dimensions\\\/\",\"name\":\"2D - Dramatic Dimensions | URBANSCREEN\",\"isPartOf\":{\"@id\":\"https:\\\/\\\/www.urbanscreen.com\\\/de\\\/#website\"},\"primaryImageOfPage\":{\"@id\":\"https:\\\/\\\/www.urbanscreen.com\\\/de\\\/2d-dramatic-dimensions\\\/#primaryimage\"},\"image\":{\"@id\":\"https:\\\/\\\/www.urbanscreen.com\\\/de\\\/2d-dramatic-dimensions\\\/#primaryimage\"},\"thumbnailUrl\":\"https:\\\/\\\/www.urbanscreen.com\\\/wp-content\\\/uploads\\\/2020\\\/04\\\/Tanzkollektiv_Kunsthalle.jpg\",\"datePublished\":\"2020-04-08T09:55:06+00:00\",\"dateModified\":\"2023-10-11T13:32:14+00:00\",\"author\":{\"@id\":\"https:\\\/\\\/www.urbanscreen.com\\\/de\\\/#\\\/schema\\\/person\\\/ac6acbccc1f53b2def9893bccf5a384b\"},\"description\":\"2D - DRAMATIC DIMENSIONS entstand im Rahmen einer Kooperation zwischen TanzKollektivBremen, Kunsthalle Bremen und URBANSCREEN. In der von Magali Sander Fett entwickelten Inszenierung wurden ausgew\u00e4hlte Kunstwerke aus der Ausstellung \\\"IKONEN - Was wir Menschen anbeten\u201c in deren Eingangsbereich an die Wand projiziert. Die T\u00e4nzerinnen und T\u00e4nzer des TanzKollektivBremen nahmen in ihrer Performance darauf Bezug. Der Tanz mit, vor und in den Kunstwerken erweiterte sie um eine zus\u00e4tzliche r\u00e4umliche und zeitliche Ebene. Tanztheater im musealen Rahmen - eine Kombination aus zwei Genres, die aus Museumsbesucher*innen Theaterbesucher*innen machte und umgekehrt.\",\"breadcrumb\":{\"@id\":\"https:\\\/\\\/www.urbanscreen.com\\\/de\\\/2d-dramatic-dimensions\\\/#breadcrumb\"},\"inLanguage\":\"de\",\"potentialAction\":[{\"@type\":\"ReadAction\",\"target\":[\"https:\\\/\\\/www.urbanscreen.com\\\/de\\\/2d-dramatic-dimensions\\\/\"]}]},{\"@type\":\"ImageObject\",\"inLanguage\":\"de\",\"@id\":\"https:\\\/\\\/www.urbanscreen.com\\\/de\\\/2d-dramatic-dimensions\\\/#primaryimage\",\"url\":\"https:\\\/\\\/www.urbanscreen.com\\\/wp-content\\\/uploads\\\/2020\\\/04\\\/Tanzkollektiv_Kunsthalle.jpg\",\"contentUrl\":\"https:\\\/\\\/www.urbanscreen.com\\\/wp-content\\\/uploads\\\/2020\\\/04\\\/Tanzkollektiv_Kunsthalle.jpg\",\"width\":600,\"height\":600,\"caption\":\"Tanzkollektiv 2D Performance Kunsthalle\"},{\"@type\":\"BreadcrumbList\",\"@id\":\"https:\\\/\\\/www.urbanscreen.com\\\/de\\\/2d-dramatic-dimensions\\\/#breadcrumb\",\"itemListElement\":[{\"@type\":\"ListItem\",\"position\":1,\"name\":\"Home\",\"item\":\"https:\\\/\\\/www.urbanscreen.com\\\/de\\\/\"},{\"@type\":\"ListItem\",\"position\":2,\"name\":\"2D &#8211; Dramatic Dimensions\"}]},{\"@type\":\"WebSite\",\"@id\":\"https:\\\/\\\/www.urbanscreen.com\\\/de\\\/#website\",\"url\":\"https:\\\/\\\/www.urbanscreen.com\\\/de\\\/\",\"name\":\"URBANSCREEN\",\"description\":\"Inventing Augmented Experiences\",\"potentialAction\":[{\"@type\":\"SearchAction\",\"target\":{\"@type\":\"EntryPoint\",\"urlTemplate\":\"https:\\\/\\\/www.urbanscreen.com\\\/de\\\/?s={search_term_string}\"},\"query-input\":{\"@type\":\"PropertyValueSpecification\",\"valueRequired\":true,\"valueName\":\"search_term_string\"}}],\"inLanguage\":\"de\"},{\"@type\":\"Person\",\"@id\":\"https:\\\/\\\/www.urbanscreen.com\\\/de\\\/#\\\/schema\\\/person\\\/ac6acbccc1f53b2def9893bccf5a384b\",\"name\":\"Lydia Liedtke\",\"sameAs\":[\"https:\\\/\\\/www.urbanscreen.com\\\/\"]}]}<\/script>\n<!-- \/ Yoast SEO plugin. -->","yoast_head_json":{"title":"2D - Dramatic Dimensions | URBANSCREEN","description":"2D - DRAMATIC DIMENSIONS entstand im Rahmen einer Kooperation zwischen TanzKollektivBremen, Kunsthalle Bremen und URBANSCREEN. In der von Magali Sander Fett entwickelten Inszenierung wurden ausgew\u00e4hlte Kunstwerke aus der Ausstellung \"IKONEN - Was wir Menschen anbeten\u201c in deren Eingangsbereich an die Wand projiziert. Die T\u00e4nzerinnen und T\u00e4nzer des TanzKollektivBremen nahmen in ihrer Performance darauf Bezug. Der Tanz mit, vor und in den Kunstwerken erweiterte sie um eine zus\u00e4tzliche r\u00e4umliche und zeitliche Ebene. Tanztheater im musealen Rahmen - eine Kombination aus zwei Genres, die aus Museumsbesucher*innen Theaterbesucher*innen machte und umgekehrt.","robots":{"index":"index","follow":"follow","max-snippet":"max-snippet:-1","max-image-preview":"max-image-preview:large","max-video-preview":"max-video-preview:-1"},"canonical":"https:\/\/www.urbanscreen.com\/de\/2d-dramatic-dimensions\/","og_locale":"de_DE","og_type":"article","og_title":"2D - Dramatic Dimensions | URBANSCREEN","og_description":"2D - DRAMATIC DIMENSIONS entstand im Rahmen einer Kooperation zwischen TanzKollektivBremen, Kunsthalle Bremen und URBANSCREEN. In der von Magali Sander Fett entwickelten Inszenierung wurden ausgew\u00e4hlte Kunstwerke aus der Ausstellung \"IKONEN - Was wir Menschen anbeten\u201c in deren Eingangsbereich an die Wand projiziert. Die T\u00e4nzerinnen und T\u00e4nzer des TanzKollektivBremen nahmen in ihrer Performance darauf Bezug. Der Tanz mit, vor und in den Kunstwerken erweiterte sie um eine zus\u00e4tzliche r\u00e4umliche und zeitliche Ebene. Tanztheater im musealen Rahmen - eine Kombination aus zwei Genres, die aus Museumsbesucher*innen Theaterbesucher*innen machte und umgekehrt.","og_url":"https:\/\/www.urbanscreen.com\/de\/2d-dramatic-dimensions\/","og_site_name":"URBANSCREEN","article_published_time":"2020-04-08T09:55:06+00:00","article_modified_time":"2023-10-11T13:32:14+00:00","og_image":[{"width":600,"height":600,"url":"https:\/\/www.urbanscreen.com\/wp-content\/uploads\/2020\/04\/Tanzkollektiv_Kunsthalle.jpg","type":"image\/jpeg"}],"author":"Lydia Liedtke","twitter_misc":{"Verfasst von":"Lydia Liedtke","Gesch\u00e4tzte Lesezeit":"1\u00a0Minute"},"schema":{"@context":"https:\/\/schema.org","@graph":[{"@type":"Article","@id":"https:\/\/www.urbanscreen.com\/de\/2d-dramatic-dimensions\/#article","isPartOf":{"@id":"https:\/\/www.urbanscreen.com\/de\/2d-dramatic-dimensions\/"},"author":{"name":"Lydia Liedtke","@id":"https:\/\/www.urbanscreen.com\/de\/#\/schema\/person\/ac6acbccc1f53b2def9893bccf5a384b"},"headline":"2D &#8211; Dramatic Dimensions","datePublished":"2020-04-08T09:55:06+00:00","dateModified":"2023-10-11T13:32:14+00:00","mainEntityOfPage":{"@id":"https:\/\/www.urbanscreen.com\/de\/2d-dramatic-dimensions\/"},"wordCount":216,"image":{"@id":"https:\/\/www.urbanscreen.com\/de\/2d-dramatic-dimensions\/#primaryimage"},"thumbnailUrl":"https:\/\/www.urbanscreen.com\/wp-content\/uploads\/2020\/04\/Tanzkollektiv_Kunsthalle.jpg","keywords":["dance","dancetheatre","museum","projection","Projectionmapping","Videomapping"],"articleSection":["all projects","Art Production"],"inLanguage":"de"},{"@type":"WebPage","@id":"https:\/\/www.urbanscreen.com\/de\/2d-dramatic-dimensions\/","url":"https:\/\/www.urbanscreen.com\/de\/2d-dramatic-dimensions\/","name":"2D - Dramatic Dimensions | URBANSCREEN","isPartOf":{"@id":"https:\/\/www.urbanscreen.com\/de\/#website"},"primaryImageOfPage":{"@id":"https:\/\/www.urbanscreen.com\/de\/2d-dramatic-dimensions\/#primaryimage"},"image":{"@id":"https:\/\/www.urbanscreen.com\/de\/2d-dramatic-dimensions\/#primaryimage"},"thumbnailUrl":"https:\/\/www.urbanscreen.com\/wp-content\/uploads\/2020\/04\/Tanzkollektiv_Kunsthalle.jpg","datePublished":"2020-04-08T09:55:06+00:00","dateModified":"2023-10-11T13:32:14+00:00","author":{"@id":"https:\/\/www.urbanscreen.com\/de\/#\/schema\/person\/ac6acbccc1f53b2def9893bccf5a384b"},"description":"2D - DRAMATIC DIMENSIONS entstand im Rahmen einer Kooperation zwischen TanzKollektivBremen, Kunsthalle Bremen und URBANSCREEN. In der von Magali Sander Fett entwickelten Inszenierung wurden ausgew\u00e4hlte Kunstwerke aus der Ausstellung \"IKONEN - Was wir Menschen anbeten\u201c in deren Eingangsbereich an die Wand projiziert. Die T\u00e4nzerinnen und T\u00e4nzer des TanzKollektivBremen nahmen in ihrer Performance darauf Bezug. Der Tanz mit, vor und in den Kunstwerken erweiterte sie um eine zus\u00e4tzliche r\u00e4umliche und zeitliche Ebene. Tanztheater im musealen Rahmen - eine Kombination aus zwei Genres, die aus Museumsbesucher*innen Theaterbesucher*innen machte und umgekehrt.","breadcrumb":{"@id":"https:\/\/www.urbanscreen.com\/de\/2d-dramatic-dimensions\/#breadcrumb"},"inLanguage":"de","potentialAction":[{"@type":"ReadAction","target":["https:\/\/www.urbanscreen.com\/de\/2d-dramatic-dimensions\/"]}]},{"@type":"ImageObject","inLanguage":"de","@id":"https:\/\/www.urbanscreen.com\/de\/2d-dramatic-dimensions\/#primaryimage","url":"https:\/\/www.urbanscreen.com\/wp-content\/uploads\/2020\/04\/Tanzkollektiv_Kunsthalle.jpg","contentUrl":"https:\/\/www.urbanscreen.com\/wp-content\/uploads\/2020\/04\/Tanzkollektiv_Kunsthalle.jpg","width":600,"height":600,"caption":"Tanzkollektiv 2D Performance Kunsthalle"},{"@type":"BreadcrumbList","@id":"https:\/\/www.urbanscreen.com\/de\/2d-dramatic-dimensions\/#breadcrumb","itemListElement":[{"@type":"ListItem","position":1,"name":"Home","item":"https:\/\/www.urbanscreen.com\/de\/"},{"@type":"ListItem","position":2,"name":"2D &#8211; Dramatic Dimensions"}]},{"@type":"WebSite","@id":"https:\/\/www.urbanscreen.com\/de\/#website","url":"https:\/\/www.urbanscreen.com\/de\/","name":"URBANSCREEN","description":"Inventing Augmented Experiences","potentialAction":[{"@type":"SearchAction","target":{"@type":"EntryPoint","urlTemplate":"https:\/\/www.urbanscreen.com\/de\/?s={search_term_string}"},"query-input":{"@type":"PropertyValueSpecification","valueRequired":true,"valueName":"search_term_string"}}],"inLanguage":"de"},{"@type":"Person","@id":"https:\/\/www.urbanscreen.com\/de\/#\/schema\/person\/ac6acbccc1f53b2def9893bccf5a384b","name":"Lydia Liedtke","sameAs":["https:\/\/www.urbanscreen.com\/"]}]}},"_links":{"self":[{"href":"https:\/\/www.urbanscreen.com\/de\/wp-json\/wp\/v2\/posts\/5760","targetHints":{"allow":["GET"]}}],"collection":[{"href":"https:\/\/www.urbanscreen.com\/de\/wp-json\/wp\/v2\/posts"}],"about":[{"href":"https:\/\/www.urbanscreen.com\/de\/wp-json\/wp\/v2\/types\/post"}],"author":[{"embeddable":true,"href":"https:\/\/www.urbanscreen.com\/de\/wp-json\/wp\/v2\/users\/4"}],"replies":[{"embeddable":true,"href":"https:\/\/www.urbanscreen.com\/de\/wp-json\/wp\/v2\/comments?post=5760"}],"version-history":[{"count":4,"href":"https:\/\/www.urbanscreen.com\/de\/wp-json\/wp\/v2\/posts\/5760\/revisions"}],"predecessor-version":[{"id":5819,"href":"https:\/\/www.urbanscreen.com\/de\/wp-json\/wp\/v2\/posts\/5760\/revisions\/5819"}],"wp:featuredmedia":[{"embeddable":true,"href":"https:\/\/www.urbanscreen.com\/de\/wp-json\/wp\/v2\/media\/5836"}],"wp:attachment":[{"href":"https:\/\/www.urbanscreen.com\/de\/wp-json\/wp\/v2\/media?parent=5760"}],"wp:term":[{"taxonomy":"category","embeddable":true,"href":"https:\/\/www.urbanscreen.com\/de\/wp-json\/wp\/v2\/categories?post=5760"},{"taxonomy":"post_tag","embeddable":true,"href":"https:\/\/www.urbanscreen.com\/de\/wp-json\/wp\/v2\/tags?post=5760"}],"curies":[{"name":"wp","href":"https:\/\/api.w.org\/{rel}","templated":true}]}}